{"id":81,"date":"2023-11-29T13:04:42","date_gmt":"2023-11-29T16:04:42","guid":{"rendered":"https:\/\/preview-blog.quaticurioso.com.br\/?p=81"},"modified":"2023-11-29T16:09:18","modified_gmt":"2023-11-29T19:09:18","slug":"a-alfabetizacao-inclusiva-e-um-desafio-para-os-educadores-mas-existem-caminhos-possiveis","status":"publish","type":"post","link":"https:\/\/publicacoes.quaticurioso.com.br\/?p=81","title":{"rendered":"A alfabetiza\u00e7\u00e3o inclusiva \u00e9 um desafio para os educadores, mas existem caminhos poss\u00edveis"},"content":{"rendered":"\n<blockquote class=\"wp-block-quote is-layout-flow wp-block-quote-is-layout-flow\" style=\"font-style:normal;font-weight:600\">\n<p><\/p>\n<cite><em>Pr\u00e1ticas de inclus\u00e3o levam em conta as singularidades dos alunos, atendendo \u00e0s suas diferentes necessidades e valorizando um desenvolvimento mais humano e mais cidad\u00e3o<\/em><\/cite><\/blockquote>\n\n\n\n<p><\/p>\n\n\n<div class=\"wp-block-image\">\n<figure class=\"aligncenter size-full is-resized\"><img loading=\"lazy\" decoding=\"async\" width=\"2560\" height=\"1684\" src=\"https:\/\/preview-blog.quaticurioso.com.br\/wp-content\/uploads\/2023\/11\/shutterstock_1974822152-scaled.jpg\" alt=\"\" class=\"wp-image-122\" style=\"width:485px;height:auto\" srcset=\"https:\/\/publicacoes.quaticurioso.com.br\/wp-content\/uploads\/2023\/11\/shutterstock_1974822152-scaled.jpg 2560w, https:\/\/publicacoes.quaticurioso.com.br\/wp-content\/uploads\/2023\/11\/shutterstock_1974822152-300x197.jpg 300w, https:\/\/publicacoes.quaticurioso.com.br\/wp-content\/uploads\/2023\/11\/shutterstock_1974822152-1024x674.jpg 1024w, https:\/\/publicacoes.quaticurioso.com.br\/wp-content\/uploads\/2023\/11\/shutterstock_1974822152-768x505.jpg 768w, https:\/\/publicacoes.quaticurioso.com.br\/wp-content\/uploads\/2023\/11\/shutterstock_1974822152-1536x1011.jpg 1536w, https:\/\/publicacoes.quaticurioso.com.br\/wp-content\/uploads\/2023\/11\/shutterstock_1974822152-2048x1347.jpg 2048w\" sizes=\"auto, (max-width: 2560px) 100vw, 2560px\" \/><\/figure>\n<\/div>\n\n\n<p class=\"has-text-align-center has-small-font-size\">Ground Picture\/Shutterstock<\/p>\n\n\n\n<p>Os debates no Brasil sobre a educa\u00e7\u00e3o especial e sobre a educa\u00e7\u00e3o inclusiva t\u00eam sido intensos nos \u00faltimos anos. Ambas est\u00e3o presentes em um mesmo contexto \u2013 <strong>que \u00e9 a garantia de que todas as pessoas tenham acesso \u00e0 educa\u00e7\u00e3o de maneira igualit\u00e1ria<\/strong> \u2013, mas t\u00eam algumas diferen\u00e7as entre si.<\/p>\n\n\n\n<p>Segundo o art. 58 da<mark style=\"background-color:rgba(0, 0, 0, 0)\" class=\"has-inline-color has-vivid-cyan-blue-color\"> <\/mark><a href=\"https:\/\/www.planalto.gov.br\/ccivil_03\/_ato2011-2014\/2013\/lei\/l12796.htm\" target=\"_blank\" rel=\"noreferrer noopener\"><mark style=\"background-color:rgba(0, 0, 0, 0)\" class=\"has-inline-color has-vivid-cyan-blue-color\">Lei n. 12.796\/2013<\/mark><\/a>, a educa\u00e7\u00e3o especial \u00e9 uma \u201c[&#8230;] modalidade de educa\u00e7\u00e3o escolar oferecida preferencialmente na rede regular de ensino, para educandos com defici\u00eancia, transtornos globais do desenvolvimento e altas habilidades ou superdota\u00e7\u00e3o\u201d.<\/p>\n\n\n\n<p>Nessa perspectiva, h\u00e1 um movimento mundial para que ela seja inclusiva, <strong>o que podemos definir como sendo uma a\u00e7\u00e3o pol\u00edtica, social e pedag\u00f3gica pelo direito de todos os alunos dividirem a mesma sala de aula<\/strong>, sem nenhum tipo de discrimina\u00e7\u00e3o. Por outro lado, essa \u00e9 uma realidade que divide a opini\u00e3o dos educadores: afinal, a inclus\u00e3o acontece mesmo que o estudante com defici\u00eancia n\u00e3o consiga participar de todas as atividades, como faz o resto da turma? Um exemplo disso s\u00e3o as din\u00e2micas em dupla ou em grupo.<\/p>\n\n\n\n<p>Em 2019, uma <a href=\"https:\/\/alana.org.br\/o-que-a-populacao-brasileira-pensa-sobre-educacao-inclusiva\/\" target=\"_blank\" rel=\"noreferrer noopener\"><mark style=\"background-color:rgba(0, 0, 0, 0)\" class=\"has-inline-color has-vivid-cyan-blue-color\">pesquisa do Datafolha em parceria com o Instituto Alana<\/mark><\/a> revelou a percep\u00e7\u00e3o dos brasileiros em rela\u00e7\u00e3o \u00e0 inclus\u00e3o nas escolas: 76% concordam que crian\u00e7as com defici\u00eancia aprendem mais estudando junto com aquelas sem defici\u00eancia. Al\u00e9m disso, 86% acreditam que as escolas se tornam melhores com a educa\u00e7\u00e3o inclusiva.<\/p>\n\n\n\n<p>Neste artigo, vamos discutir a import\u00e2ncia de conceber essa integra\u00e7\u00e3o desde a alfabetiza\u00e7\u00e3o para crian\u00e7as \u2013 etapa fundamental da aprendizagem e do desenvolvimento de habilidades que v\u00e3o se refletir ao longo da vida escolar do aluno \u2013 at\u00e9 o Ensino M\u00e9dio.<\/p>\n\n\n\n<p class=\"has-medium-font-size\"><strong>Qual \u00e9 a diferen\u00e7a entre educa\u00e7\u00e3o especial e educa\u00e7\u00e3o inclusiva?<\/strong><\/p>\n\n\n\n<p>A principal <strong>diferen\u00e7a entre os dois m\u00e9todos est\u00e1 na abordagem<\/strong>: enquanto a primeira \u00e9 voltada apenas aos alunos com alguma defici\u00eancia, a segunda entende que o ambiente escolar \u00e9 um reflexo da sociedade, portanto tem indiv\u00edduos diversos, e que todos devem aprender juntos.<\/p>\n\n\n\n<p><\/p>\n\n\n<div class=\"wp-block-image\">\n<figure class=\"aligncenter size-full is-resized\"><img loading=\"lazy\" decoding=\"async\" width=\"2560\" height=\"1707\" src=\"https:\/\/preview-blog.quaticurioso.com.br\/wp-content\/uploads\/2023\/11\/shutterstock_2027722574-scaled.jpg\" alt=\"\" class=\"wp-image-124\" style=\"width:517px;height:auto\" srcset=\"https:\/\/publicacoes.quaticurioso.com.br\/wp-content\/uploads\/2023\/11\/shutterstock_2027722574-scaled.jpg 2560w, https:\/\/publicacoes.quaticurioso.com.br\/wp-content\/uploads\/2023\/11\/shutterstock_2027722574-300x200.jpg 300w, https:\/\/publicacoes.quaticurioso.com.br\/wp-content\/uploads\/2023\/11\/shutterstock_2027722574-1024x683.jpg 1024w, https:\/\/publicacoes.quaticurioso.com.br\/wp-content\/uploads\/2023\/11\/shutterstock_2027722574-768x512.jpg 768w, https:\/\/publicacoes.quaticurioso.com.br\/wp-content\/uploads\/2023\/11\/shutterstock_2027722574-1536x1024.jpg 1536w, https:\/\/publicacoes.quaticurioso.com.br\/wp-content\/uploads\/2023\/11\/shutterstock_2027722574-2048x1365.jpg 2048w\" sizes=\"auto, (max-width: 2560px) 100vw, 2560px\" \/><\/figure>\n<\/div>\n\n\n<p class=\"has-text-align-center has-small-font-size\">LazarevaEl\/Shutterstock<\/p>\n\n\n\n<p>Atualmente, de acordo com o <a href=\"https:\/\/download.inep.gov.br\/censo_escolar\/resultados\/2022\/apresentacao_coletiva.pdf\"><mark style=\"background-color:rgba(0, 0, 0, 0)\" class=\"has-inline-color has-vivid-cyan-blue-color\">Censo Escolar <\/mark><\/a><mark style=\"background-color:rgba(0, 0, 0, 0)\" class=\"has-inline-color has-vivid-cyan-blue-color\"><a href=\"https:\/\/download.inep.gov.br\/censo_escolar\/resultados\/2022\/apresentacao_coletiva.pdf\" target=\"_blank\" rel=\"noreferrer noopener\">2022<\/a><\/mark>, h\u00e1 mais de 174 mil alunos de educa\u00e7\u00e3o inclusiva matriculados em classes comuns do Ensino Infantil, sendo que a maioria deles tem alguma defici\u00eancia (seja intelectual ou f\u00edsica) ou transtorno do espectro autista. No Ensino Fundamental, esse n\u00famero \u00e9 de 915 mil, e no Ensino M\u00e9dio \u00e9 de 203 mil. Isso demonstra o porqu\u00ea se faz necess\u00e1rio entender o funcionamento de uma educa\u00e7\u00e3o que seja especial e inclusiva desde os primeiros anos.<\/p>\n\n\n\n<p class=\"has-medium-font-size\"><strong>Os desafios de integrar as educa\u00e7\u00f5es especial e inclusiva<\/strong><\/p>\n\n\n\n<p>No <mark style=\"background-color:rgba(0, 0, 0, 0)\" class=\"has-inline-color has-vivid-cyan-blue-color\"><a href=\"http:\/\/pne.mec.gov.br\/18-planos-subnacionais-de-educacao\/543-plano-nacional-de-educacao-lei-n-13-005-2014\" target=\"_blank\" rel=\"noreferrer noopener\">Plano Nacional de Educa\u00e7\u00e3o (PNE)<\/a><\/mark> vigente (2014-2023), a meta n\u00famero 4, que disp\u00f5e sobre o ensino inclusivo, diz o seguinte:<\/p>\n\n\n\n<figure class=\"wp-block-pullquote\"><blockquote><p><\/p><cite>Universalizar, para a popula\u00e7\u00e3o de 4 (quatro) a 17 (dezessete) anos com defici\u00eancia, transtornos globais do desenvolvimento e altas habilidades ou superdota\u00e7\u00e3o, o acesso \u00e0 educa\u00e7\u00e3o b\u00e1sica e ao atendimento educacional especializado, preferencialmente na rede regular de ensino, com a garantia de sistema educacional inclusivo, de salas de recursos multifuncionais, classes, escolas ou servi\u00e7os especializados, p\u00fablicos ou conveniados (Minist\u00e9rio da Educa\u00e7\u00e3o, 2014).<\/cite><\/blockquote><\/figure>\n\n\n\n<p><\/p>\n\n\n\n<p>H\u00e1 institui\u00e7\u00f5es que trabalham exclusivamente com a educa\u00e7\u00e3o especial, no entanto, conforme mostra a meta 4 do PNE, <strong>os esfor\u00e7os desse contexto t\u00eam se voltado para jun\u00e7\u00e3o das duas abordagens<\/strong>. Ou seja, o foco tem sido pensar nas educa\u00e7\u00f5es especial e inclusiva para al\u00e9m do curr\u00edculo pedag\u00f3gico e da constru\u00e7\u00e3o de novas habilidades.<\/p>\n\n\n\n<p>Conforme defende a <a href=\"http:\/\/portal.mec.gov.br\/arquivos\/pdf\/politicaeducespecial.pdf\" target=\"_blank\" rel=\"noreferrer noopener\"><mark style=\"background-color:rgba(0, 0, 0, 0)\" class=\"has-inline-color has-vivid-cyan-blue-color\">Pol\u00edtica Nacional de Educa\u00e7\u00e3o Especial na Perspectiva da Educa\u00e7\u00e3o Inclusiva<\/mark><\/a>, o objetivo \u00e9 viabilizar uma rotina de aulas que estimule a autonomia, que favore\u00e7a a empatia e que potencialize o desenvolvimento social dos estudantes por meio de a\u00e7\u00f5es afirmativas.<\/p>\n\n\n\n<p>Nesse caso, \u00e9 indispens\u00e1vel que a institui\u00e7\u00e3o tenha professores capacitados e recursos de acessibilidade e de monitoramento da evolu\u00e7\u00e3o dos inclu\u00eddos. Esses instrumentos t\u00eam o prop\u00f3sito de eliminar barreiras que impe\u00e7am o aluno de aprender, podendo ser:<\/p>\n\n\n\n<p><strong>\u2022 F\u00edsicos<\/strong> (rampas e corrim\u00f5es para quem tem mobilidade reduzida);<\/p>\n\n\n\n<p><strong>\u2022 Sociais<\/strong> (rodas de conversa para debater preconceitos);<\/p>\n\n\n\n<p><strong>\u2022 Pedag\u00f3gicos<\/strong> (treinamentos para os docentes, tradutores de libras, sites com acessibilidade, materiais impressos em braile e <em>softwares<\/em> de leitura para pessoas com defici\u00eancia visual).<\/p>\n\n\n\n<p>No caso dos professores, uma alternativa interessante \u00e9 a forma\u00e7\u00e3o continuada a partir de uma parceria entre escolas e universidades, por exemplo. Outra op\u00e7\u00e3o seria os profissionais da sa\u00fade levarem seu conhecimento a respeito dos transtornos e das defici\u00eancias aos colegas da educa\u00e7\u00e3o para, juntos, discutirem experi\u00eancias e possibilidades no campo pedag\u00f3gico.<\/p>\n\n\n\n<p><\/p>\n\n\n<div class=\"wp-block-image\">\n<figure class=\"aligncenter size-full is-resized\"><img loading=\"lazy\" decoding=\"async\" width=\"8019\" height=\"5346\" src=\"https:\/\/preview-blog.quaticurioso.com.br\/wp-content\/uploads\/2023\/11\/shutterstock_1996055702.jpg\" alt=\"\" class=\"wp-image-125\" style=\"width:535px;height:auto\" srcset=\"https:\/\/publicacoes.quaticurioso.com.br\/wp-content\/uploads\/2023\/11\/shutterstock_1996055702.jpg 8019w, https:\/\/publicacoes.quaticurioso.com.br\/wp-content\/uploads\/2023\/11\/shutterstock_1996055702-300x200.jpg 300w, https:\/\/publicacoes.quaticurioso.com.br\/wp-content\/uploads\/2023\/11\/shutterstock_1996055702-1024x683.jpg 1024w, https:\/\/publicacoes.quaticurioso.com.br\/wp-content\/uploads\/2023\/11\/shutterstock_1996055702-768x512.jpg 768w, https:\/\/publicacoes.quaticurioso.com.br\/wp-content\/uploads\/2023\/11\/shutterstock_1996055702-1536x1024.jpg 1536w\" sizes=\"auto, (max-width: 8019px) 100vw, 8019px\" \/><\/figure>\n<\/div>\n\n\n<p class=\"has-text-align-center has-small-font-size\">Ermolaev Alexander\/Shutterstock<\/p>\n\n\n\n<p class=\"has-medium-font-size\"><strong>Princ\u00edpios das educa\u00e7\u00f5es especial e inclusiva<\/strong><\/p>\n\n\n\n<p>Segundo a <mark style=\"background-color:rgba(0, 0, 0, 0)\" class=\"has-inline-color has-vivid-cyan-blue-color\"><a href=\"http:\/\/portal.mec.gov.br\/arquivos\/pdf\/politicaeducespecial.pdf\" target=\"_blank\" rel=\"noreferrer noopener\">Pol\u00edtica Nacional de Educa\u00e7\u00e3o Especial na Perspectiva da Educa\u00e7\u00e3o Inclusiva<\/a><\/mark>, a inclus\u00e3o deve come\u00e7ar na Educa\u00e7\u00e3o Infantil e continuar em toda a educa\u00e7\u00e3o b\u00e1sica e na superior.<\/p>\n\n\n\n<p>Al\u00e9m de viabilizar a intera\u00e7\u00e3o dos estudantes inclu\u00eddos nas salas de aula regulares, \u00e9 necess\u00e1rio ofertar atendimento no turno inverso ao da classe comum, seja na pr\u00f3pria escola ou em um centro especializado. O objetivo disso \u00e9 ampliar as a\u00e7\u00f5es das educa\u00e7\u00f5es especial e inclusiva de forma que fomente a escolariza\u00e7\u00e3o, a participa\u00e7\u00e3o social e a inser\u00e7\u00e3o no mercado de trabalho.<\/p>\n\n\n\n<p>\u00c9 importante destacar que uma educa\u00e7\u00e3o baseada na inclus\u00e3o tamb\u00e9m prev\u00ea os contextos ind\u00edgena, rural e quilombola, sendo necess\u00e1rio assegurar que os recursos, que os servi\u00e7os e que o atendimento educacional especializado estejam inclusos nos projetos pedag\u00f3gicos, que devem ser constru\u00eddos tendo em mente as diferen\u00e7as socioculturais desses grupos.<strong><\/strong><\/p>\n\n\n\n<p class=\"has-medium-font-size\"><strong>O que \u00e9 alfabetiza\u00e7\u00e3o inclusiva?<\/strong><\/p>\n\n\n\n<p>A alfabetiza\u00e7\u00e3o inclusiva se baseia na garantia de que pessoas com defici\u00eancia avancem na rotina de aprendizagem, seguindo a premissa de que todos podem ser alfabetizados e aprender, ainda que o tempo e a forma como isso acontece sejam diferentes para cada um. Entre os desafios dessa din\u00e2mica, est\u00e1 a tentativa de promover autonomia \u00e0s crian\u00e7as com interven\u00e7\u00f5es pedag\u00f3gicas que favore\u00e7am o seu desenvolvimento.<\/p>\n\n\n\n<p>Portanto, em um ambiente de inclus\u00e3o, n\u00e3o basta que esses estudantes estejam dividindo a sala de aula regular com os colegas, eles tamb\u00e9m devem receber um ensino de qualidade.<\/p>\n\n\n\n<p class=\"has-medium-font-size\"><strong>Como alfabetizar alunos nas educa\u00e7\u00f5es especial e inclusiva?<\/strong><\/p>\n\n\n\n<p>Magda Soares (1932-2023), doutora e livre-docente em Educa\u00e7\u00e3o pela Universidade Federal de Minas Gerais (UFMG), defendeu que <mark style=\"background-color:rgba(0, 0, 0, 0)\" class=\"has-inline-color has-vivid-cyan-blue-color\"><a href=\"https:\/\/acervodigital.unesp.br\/bitstream\/123456789\/40142\/1\/01d16t07.pdf\" target=\"_blank\" rel=\"noreferrer noopener\">o melhor m\u00e9todo de alfabetiza\u00e7\u00e3o<\/a><\/mark> \u00e9 o que faz as crian\u00e7as aprenderem sobre a l\u00edngua escrita enquanto participam de pr\u00e1ticas sociais relacionadas \u00e0 leitura e \u00e0 produ\u00e7\u00e3o de textos. Ou seja, por mais que a escolha da metodologia seja importante, quem est\u00e1 no centro do aprendizado \u00e9 o aluno \u2013 que \u00e9 \u00fanico e que tem necessidades espec\u00edficas.<\/p>\n\n\n\n<p>Para que isso aconte\u00e7a de forma eficiente, o caminho \u00e9 investigar qual \u00e9 o perfil do aluno de inclus\u00e3o, quais compet\u00eancias ele precisa desenvolver, quais materiais did\u00e1ticos s\u00e3o mais apropriados e quais adapta\u00e7\u00f5es de aprendizagem podem ser necess\u00e1rias. Ent\u00e3o, se houver casos de alunos com alguma defici\u00eancia, \u00e9 indispens\u00e1vel buscar propostas pedag\u00f3gicas que atendam \u00e0s necessidades deles.<\/p>\n\n\n\n<p>Na fase de alfabetiza\u00e7\u00e3o, jogos e brincadeiras que ajudem o aluno a refletir sobre o sistema de escrita s\u00e3o excelentes recursos did\u00e1ticos. Conhecendo as limita\u00e7\u00f5es de cada crian\u00e7a e a partir de um planejamento individualizado, os educadores podem encontrar as melhores estrat\u00e9gias.<\/p>\n\n\n\n<p class=\"has-medium-font-size\"><strong>Exemplos de atividades para alfabetiza\u00e7\u00e3o inclusiva<\/strong><\/p>\n\n\n\n<p>Planejar atividades nas quais o inclu\u00eddo \u00e9 protagonista n\u00e3o \u00e9 o mesmo que adaptar os exerc\u00edcios que o restante da turma faz, sabia? Uma ideia \u00e9 <strong>propor tarefas que partam do interesse, da habilidade ou do talento desse aluno<\/strong>, pois \u00e9 necess\u00e1rio conhecer as suas particularidades. Se ele gosta de um personagem espec\u00edfico, <strong>aplique exerc\u00edcios envolvendo esse personagem<\/strong>. Se ele gosta de cantar, <strong>oriente que a apresenta\u00e7\u00e3o da hist\u00f3ria de um livro seja feita dessa forma<\/strong>.<\/p>\n\n\n\n<p>Iniciativas como essas tamb\u00e9m s\u00e3o importantes para os alunos regulares, que acabam vivenciando a inclus\u00e3o na pr\u00e1tica e estabelecendo conex\u00f5es mais profundas com os colegas. Al\u00e9m disso, vale a pena <strong>investir em materiais l\u00fadicos<\/strong> que aumentem o interesse da turma.<\/p>\n\n\n\n<p>O Instituto Rodrigo Mendes \u2013 uma organiza\u00e7\u00e3o sem fins lucrativos com a miss\u00e3o de colaborar para que toda pessoa com defici\u00eancia tenha uma educa\u00e7\u00e3o de qualidade na escola comum \u2013 realiza forma\u00e7\u00f5es para levar essas ideias \u00e0s escolas.<\/p>\n\n\n\n<p>Em 2019, por exemplo, na escola Cidade de Santos, que fica no munic\u00edpio de mesmo nome do litoral paulista, a ONG apresentou o <mark style=\"background-color:rgba(0, 0, 0, 0)\" class=\"has-inline-color has-vivid-cyan-blue-color\"><a href=\"https:\/\/diversa.org.br\/materiais-pedagogicos\/caminho-sustentavel\/\" target=\"_blank\" rel=\"noreferrer noopener\">projeto Caminho Sustent\u00e1vel<\/a><\/mark>, uma experi\u00eancia aplic\u00e1vel aos estudantes do primeiro ano do Ensino Fundamental. Usando <strong>material acess\u00edvel, que reunia elementos visuais, t\u00e1teis e sonoros<\/strong>, os estudantes com defici\u00eancia puderam participar da mesma maneira que os alunos regulares.<\/p>\n\n\n\n<p>A atividade estimulava o manuseio de caminh\u00f5es que foram confeccionados pelo grupo, o trabalho colaborativo para interpretar quest\u00f5es, o di\u00e1logo, a resolu\u00e7\u00e3o dos problemas e a escrita das respostas.<\/p>\n\n\n\n<p>Relma Carneiro, <mark style=\"background-color:rgba(0, 0, 0, 0)\" class=\"has-inline-color has-vivid-cyan-blue-color\"><a href=\"https:\/\/periodicos2.uesb.br\/index.php\/praxis\/article\/view\/688\/574\" target=\"_blank\" rel=\"noreferrer noopener\">no artigo <em>Educa\u00e7\u00e3o inclusiva na Educa\u00e7\u00e3o Infantil<\/em><\/a><\/mark>, diz que:<\/p>\n\n\n\n<figure class=\"wp-block-pullquote\"><blockquote><p><\/p><cite>[&#8230;] a concep\u00e7\u00e3o de educa\u00e7\u00e3o inclusiva tem se fortalecido no sentido de que a escola tem que se abrir para a diversidade, acolh\u00ea-la, respeit\u00e1-la e, acima de tudo, valoriz\u00e1-la como elemento fundamental na constitui\u00e7\u00e3o de uma sociedade democr\u00e1tica e justa (Carneiro, 2012).<\/cite><\/blockquote><\/figure>\n\n\n\n<p><\/p>\n\n\n\n<p>Nesse sentido, assim como fez a escola Cidade de Santos, as institui\u00e7\u00f5es devem buscar caminhos para se reorganizar e para atender a todos os alunos, inclusive os com defici\u00eancia. Isso garante o cumprimento de seu papel social.<\/p>\n","protected":false},"excerpt":{"rendered":"<p>Pr\u00e1ticas de inclus\u00e3o levam em conta as singularidades dos alunos, atendendo \u00e0s suas diferentes necessidades e valorizando um desenvolvimento mais humano e mais cidad\u00e3o Ground Picture\/Shutterstock Os debates no Brasil sobre a educa\u00e7\u00e3o especial e sobre a educa\u00e7\u00e3o inclusiva t\u00eam sido intensos nos \u00faltimos anos. Ambas est\u00e3o presentes em um mesmo contexto \u2013 que \u00e9 [&hellip;]<\/p>\n","protected":false},"author":5,"featured_media":124,"comment_status":"open","ping_status":"open","sticky":false,"template":"","format":"standard","meta":{"footnotes":""},"categories":[3,6,2],"tags":[],"class_list":["post-81","post","type-post","status-publish","format-standard","has-post-thumbnail","hentry","category-acessibilidade","category-acessibilidade-na-educacao","category-educacao-inclusiva"],"featured_image_src":"https:\/\/publicacoes.quaticurioso.com.br\/wp-content\/uploads\/2023\/11\/shutterstock_2027722574-150x150.jpg","featured_category":"Acessibilidade","post_views_count":553,"_links":{"self":[{"href":"https:\/\/publicacoes.quaticurioso.com.br\/index.php?rest_route=\/wp\/v2\/posts\/81","targetHints":{"allow":["GET"]}}],"collection":[{"href":"https:\/\/publicacoes.quaticurioso.com.br\/index.php?rest_route=\/wp\/v2\/posts"}],"about":[{"href":"https:\/\/publicacoes.quaticurioso.com.br\/index.php?rest_route=\/wp\/v2\/types\/post"}],"author":[{"embeddable":true,"href":"https:\/\/publicacoes.quaticurioso.com.br\/index.php?rest_route=\/wp\/v2\/users\/5"}],"replies":[{"embeddable":true,"href":"https:\/\/publicacoes.quaticurioso.com.br\/index.php?rest_route=%2Fwp%2Fv2%2Fcomments&post=81"}],"version-history":[{"count":11,"href":"https:\/\/publicacoes.quaticurioso.com.br\/index.php?rest_route=\/wp\/v2\/posts\/81\/revisions"}],"predecessor-version":[{"id":127,"href":"https:\/\/publicacoes.quaticurioso.com.br\/index.php?rest_route=\/wp\/v2\/posts\/81\/revisions\/127"}],"wp:featuredmedia":[{"embeddable":true,"href":"https:\/\/publicacoes.quaticurioso.com.br\/index.php?rest_route=\/wp\/v2\/media\/124"}],"wp:attachment":[{"href":"https:\/\/publicacoes.quaticurioso.com.br\/index.php?rest_route=%2Fwp%2Fv2%2Fmedia&parent=81"}],"wp:term":[{"taxonomy":"category","embeddable":true,"href":"https:\/\/publicacoes.quaticurioso.com.br\/index.php?rest_route=%2Fwp%2Fv2%2Fcategories&post=81"},{"taxonomy":"post_tag","embeddable":true,"href":"https:\/\/publicacoes.quaticurioso.com.br\/index.php?rest_route=%2Fwp%2Fv2%2Ftags&post=81"}],"curies":[{"name":"wp","href":"https:\/\/api.w.org\/{rel}","templated":true}]}}